{"id":2089,"date":"2022-02-26T22:05:23","date_gmt":"2022-02-26T21:05:23","guid":{"rendered":"http:\/\/juleweimann.de\/?p=2089"},"modified":"2022-02-26T22:06:34","modified_gmt":"2022-02-26T21:06:34","slug":"jule-weimann-komplettiert-hr-juniorteam","status":"publish","type":"post","link":"https:\/\/juleweimann.de\/index.php\/2022\/02\/26\/jule-weimann-komplettiert-hr-juniorteam\/","title":{"rendered":"JULE WEIMANN KOMPLETTIERT H&#038;R JUNIORTEAM"},"content":{"rendered":"<p><b><img decoding=\"async\" class=\"alignnone size-large wp-image-2090\" src=\"https:\/\/juleweimann.de\/wp-content\/uploads\/2022\/02\/8684E0AB-206C-48C6-8247-8B6876F71672-768x1024.jpeg\" alt=\"\" width=\"768\" height=\"1024\" srcset=\"https:\/\/juleweimann.de\/wp-content\/uploads\/2022\/02\/8684E0AB-206C-48C6-8247-8B6876F71672-200x267.jpeg 200w, https:\/\/juleweimann.de\/wp-content\/uploads\/2022\/02\/8684E0AB-206C-48C6-8247-8B6876F71672-225x300.jpeg 225w, https:\/\/juleweimann.de\/wp-content\/uploads\/2022\/02\/8684E0AB-206C-48C6-8247-8B6876F71672-400x533.jpeg 400w, https:\/\/juleweimann.de\/wp-content\/uploads\/2022\/02\/8684E0AB-206C-48C6-8247-8B6876F71672-600x800.jpeg 600w, https:\/\/juleweimann.de\/wp-content\/uploads\/2022\/02\/8684E0AB-206C-48C6-8247-8B6876F71672.jpeg 768w\" sizes=\"(max-width: 768px) 100vw, 768px\" \/>Jule Weimann ist quasi auf der Rennstrecke gro\u00df geworden und hat im Familienteam bereits fr\u00fch Rennluft schnuppern k\u00f6nnen. Seitdem sie sechs Jahre alt ist, greift die Preetzerin selbst ins Lenkrad: Erst im Kartslalom, dann im Kart auf der Rundstrecke und ab 2022 im Tourenwagen Junior Cup. Sie f\u00e4hrt in ihrem Premierenjahr im Automobilsport f\u00fcr H&amp;R Das Juniorteam! rund um Teamchef Kai Jordan. <\/b><\/p>\n<p>Ihren ersten Test im VW up! GTI hat Jule Weimann bereits absolviert und z\u00e4hlt nun die Tage bis zum ersten Vorsaison-Test Mitte M\u00e4rz in der Motorsport Arena Oschersleben. Die 17-J\u00e4hrige sammelte bereits viel Rennerfahrung auf der Rundstrecke, allerdings im Kart. Von der Bambini-Klasse stieg sie zu den OK-Junioren und zu den OK-Senioren auf. \u201eF\u00fcr mich war immer klar, dass ich auch Motorsport machen wollte. Ich war viel mit meinen Eltern und unserem Familienteam unterwegs und als ich endlich in ein Kart passte, lie\u00df ich nicht locker bis meine Eltern nachgaben und mich beim Automobilclub in Kiel f\u00fcr den Jugend Kart Slalom anmeldeten\u201c, fasst die Auszubildende zur Industriekauffrau ihren Weg in den Motorsport zusammen. <b><br \/>\n<\/b><\/p>\n<p>Im \u201eH&amp;R Das Juniorteam!\u201c f\u00fchlt sie sich f\u00fcr ihr erstes Jahr im Tourenwagen Junior Cup perfekt aufgehoben und erhofft sich, von der Erfahrung des Teams zu profitieren. \u201eKai Jordan wird mir sicher viel Input geben k\u00f6nnen, schlie\u00dflich ist er viele Jahre selbst erfolgreich im Tourenwagensport unterwegs gewesen. Au\u00dferdem hat mein Teamkollege Linus bereits ein Jahr im Tourenwagen Junior Cup hinter sich und wird mir auch den einen oder anderen Tipp geben k\u00f6nnen\u201c, so Weimann, deren Ziel es ist, das Niveau ihres Teamkollegen so schnell wie m\u00f6glich zu erreichen. \u201eDa ich bisher noch keine Erfahrungen in einem Tourenwagen oder im Formelauto hatte, hei\u00dft es jetzt im ersten Jahr f\u00fcr mich erst einmal lernen, reinkommen und Erfahrungen sammeln. Wenn ich dabei auch noch Punkte einfahren k\u00f6nnte und mich konstant steigern kann, w\u00e4re es gut\u201c, erg\u00e4nzt die Nachwuchspilotin.<\/p>\n<p>Einen ersten Eindruck von ihrem neuen Einsatzfahrzeug hat sie sich bereits machen k\u00f6nnen, denn einige Testrunden hat sie schon absolviert &#8211; wenn auch nur auf nasser Fahrbahn. \u201eF\u00fcr mich ist der VW up! GTI das perfekte Auto, um nach dem Kartsport in den Tourenwagensport zu wechseln. Er hat alles, was ein Tourenwagen braucht und ist dabei, gerade f\u00fcr Anf\u00e4nger wie mich, gut h\u00e4ndelbar\u201c, fasst sie zusammen. Weimann entwickelte schnell ein Gef\u00fchl f\u00fcr das Auto und zeigte sich in der Box besonders vom hohen Drehmoment bei niedriger Drehzahl \u00fcberrascht, das mit dem rund 900 kg schweren VW up! GTI leichtes Spiel hat.<\/p>\n<p>Mit dem Vorsaison-Test in der Motorsport Arena Oschersleben am 18. M\u00e4rz beginnt das Lernen f\u00fcr Jule Weimann. Sie kennt zwar alle Rennstrecke, auf denen der Tourenwagen Junior Cup 2022 startet, bisher aber nur als Zuschauer und aus dem Fahrerlager.<\/p>\n","protected":false},"excerpt":{"rendered":"<p>Jule Weimann ist quasi auf der Rennstrecke gro\u00df geworden und hat im Familienteam bereits fr\u00fch Rennluft schnuppern k\u00f6nnen. Seitdem sie sechs Jahre alt ist, greift die Preetzerin selbst ins Lenkrad: Erst im Kartslalom, dann im  [&#8230;]<\/p>\n","protected":false},"author":4,"featured_media":2090,"comment_status":"open","ping_status":"open","sticky":false,"template":"","format":"standard","meta":{"footnotes":""},"categories":[1],"tags":[],"class_list":["post-2089","post","type-post","status-publish","format-standard","has-post-thumbnail","hentry","category-allgemein"],"_links":{"self":[{"href":"https:\/\/juleweimann.de\/index.php\/wp-json\/wp\/v2\/posts\/2089","targetHints":{"allow":["GET"]}}],"collection":[{"href":"https:\/\/juleweimann.de\/index.php\/wp-json\/wp\/v2\/posts"}],"about":[{"href":"https:\/\/juleweimann.de\/index.php\/wp-json\/wp\/v2\/types\/post"}],"author":[{"embeddable":true,"href":"https:\/\/juleweimann.de\/index.php\/wp-json\/wp\/v2\/users\/4"}],"replies":[{"embeddable":true,"href":"https:\/\/juleweimann.de\/index.php\/wp-json\/wp\/v2\/comments?post=2089"}],"version-history":[{"count":1,"href":"https:\/\/juleweimann.de\/index.php\/wp-json\/wp\/v2\/posts\/2089\/revisions"}],"predecessor-version":[{"id":2091,"href":"https:\/\/juleweimann.de\/index.php\/wp-json\/wp\/v2\/posts\/2089\/revisions\/2091"}],"wp:featuredmedia":[{"embeddable":true,"href":"https:\/\/juleweimann.de\/index.php\/wp-json\/wp\/v2\/media\/2090"}],"wp:attachment":[{"href":"https:\/\/juleweimann.de\/index.php\/wp-json\/wp\/v2\/media?parent=2089"}],"wp:term":[{"taxonomy":"category","embeddable":true,"href":"https:\/\/juleweimann.de\/index.php\/wp-json\/wp\/v2\/categories?post=2089"},{"taxonomy":"post_tag","embeddable":true,"href":"https:\/\/juleweimann.de\/index.php\/wp-json\/wp\/v2\/tags?post=2089"}],"curies":[{"name":"wp","href":"https:\/\/api.w.org\/{rel}","templated":true}]}}