{"id":1592,"date":"2017-07-25T11:48:53","date_gmt":"2017-07-25T09:48:53","guid":{"rendered":"http:\/\/juleweimann.de\/?p=1592"},"modified":"2017-07-25T11:49:05","modified_gmt":"2017-07-25T09:49:05","slug":"tolles-rennwochenende-in-kerpen","status":"publish","type":"post","link":"https:\/\/juleweimann.de\/index.php\/2017\/07\/25\/tolles-rennwochenende-in-kerpen\/","title":{"rendered":"Tolles Rennwochenende in Kerpen!"},"content":{"rendered":"<p>&nbsp;<\/p>\n<p>&nbsp;<\/p>\n<p><img decoding=\"async\" class=\"alignnone size-large wp-image-1570 aligncenter\" src=\"https:\/\/juleweimann.de\/wp-content\/uploads\/2017\/07\/JW-2017-17-07-2017-049-1024x683.jpg\" alt=\"\" width=\"1024\" height=\"683\" srcset=\"https:\/\/juleweimann.de\/wp-content\/uploads\/2017\/07\/JW-2017-17-07-2017-049-200x133.jpg 200w, https:\/\/juleweimann.de\/wp-content\/uploads\/2017\/07\/JW-2017-17-07-2017-049-300x200.jpg 300w, https:\/\/juleweimann.de\/wp-content\/uploads\/2017\/07\/JW-2017-17-07-2017-049-400x267.jpg 400w, https:\/\/juleweimann.de\/wp-content\/uploads\/2017\/07\/JW-2017-17-07-2017-049-600x400.jpg 600w, https:\/\/juleweimann.de\/wp-content\/uploads\/2017\/07\/JW-2017-17-07-2017-049-768x512.jpg 768w, https:\/\/juleweimann.de\/wp-content\/uploads\/2017\/07\/JW-2017-17-07-2017-049-800x533.jpg 800w, https:\/\/juleweimann.de\/wp-content\/uploads\/2017\/07\/JW-2017-17-07-2017-049-1024x683.jpg 1024w, https:\/\/juleweimann.de\/wp-content\/uploads\/2017\/07\/JW-2017-17-07-2017-049-1200x800.jpg 1200w\" sizes=\"(max-width: 1024px) 100vw, 1024px\" \/><\/p>\n<p>Vom 14.-16.07 fand in Kerpen die ADAC Kart Masters statt.Bei super Wetter ging es am Freitag mit den Trainings los. \u00a0Das zweite freie Training musste ich leider mit einem technischen Defekt fr\u00fchzeitig abbrechen . Samstagmorgen hatte ich mein Zeittraining, wo ich leider nur den 23 .Platz herausfuhr.Am Samstagmittag hatte ich mein erstes Heat,welches ich von Startplatz 23 beginnen musste und mich leider nicht verbessern konnte . \u00a0Im zweiten Heat musste ich leider wieder von Platz 23 starten, aber konnte mich auf den 14, Platz vorfahren. \u00a0Die beiden Ergebnisse aus \u00a0den Heats und dem Zeittraining f\u00fchrten dazu, dass ich am Sonntag von Platz 20 starten musste .Das warm up am Sonntag begann leider mit Regenreifen. \u00a0In den \u00a0zwei Stunden bis zum ersten Rennen trocknete die Strecke aber wieder ab. \u00a0Hochmotiviert ging ich an den Start und konnte in der ersten Runde gleich 9 Pl\u00e4tze gut machen. \u00a0Leider musste ich 3 Pl\u00e4tze im laufe des Rennens wieder abgeben,sodass ich das Rennen als 14te beendet habe. \u00a0Durch nachtr\u00e4gliche Bestrafungen einiger Fahrer bin ich am Ende auf dem 12. Platz gelandet.Das zweite Rennen war f\u00fcr mich sehr aufregend, weil es das erste Mal f\u00fcr mich in der OK-J Saison von Platz 12 los ging.Der Start verlief f\u00fcr mich gut und ich konnte mich sogar noch einen Platz weiter nach vorne fahren.Der wenige Grip kam mir am Wochenende zugute und ich konnte die harten und fairen Fights mitgehen. Am Ende landete ich wieder auf dem 12 Platz und freue mich \u00fcber Punkte aus beiden Rennen.<\/p>\n","protected":false},"excerpt":{"rendered":"<p>&nbsp; &nbsp; Vom 14.-16.07 fand in Kerpen die ADAC Kart Masters statt.Bei super Wetter ging es am Freitag mit den Trainings los. \u00a0Das zweite freie Training musste ich leider mit einem technischen Defekt fr\u00fchzeitig abbrechen  [&#8230;]<\/p>\n","protected":false},"author":4,"featured_media":1568,"comment_status":"open","ping_status":"open","sticky":false,"template":"","format":"standard","meta":{"footnotes":""},"categories":[1],"tags":[],"class_list":["post-1592","post","type-post","status-publish","format-standard","has-post-thumbnail","hentry","category-allgemein"],"_links":{"self":[{"href":"https:\/\/juleweimann.de\/index.php\/wp-json\/wp\/v2\/posts\/1592","targetHints":{"allow":["GET"]}}],"collection":[{"href":"https:\/\/juleweimann.de\/index.php\/wp-json\/wp\/v2\/posts"}],"about":[{"href":"https:\/\/juleweimann.de\/index.php\/wp-json\/wp\/v2\/types\/post"}],"author":[{"embeddable":true,"href":"https:\/\/juleweimann.de\/index.php\/wp-json\/wp\/v2\/users\/4"}],"replies":[{"embeddable":true,"href":"https:\/\/juleweimann.de\/index.php\/wp-json\/wp\/v2\/comments?post=1592"}],"version-history":[{"count":3,"href":"https:\/\/juleweimann.de\/index.php\/wp-json\/wp\/v2\/posts\/1592\/revisions"}],"predecessor-version":[{"id":1597,"href":"https:\/\/juleweimann.de\/index.php\/wp-json\/wp\/v2\/posts\/1592\/revisions\/1597"}],"wp:featuredmedia":[{"embeddable":true,"href":"https:\/\/juleweimann.de\/index.php\/wp-json\/wp\/v2\/media\/1568"}],"wp:attachment":[{"href":"https:\/\/juleweimann.de\/index.php\/wp-json\/wp\/v2\/media?parent=1592"}],"wp:term":[{"taxonomy":"category","embeddable":true,"href":"https:\/\/juleweimann.de\/index.php\/wp-json\/wp\/v2\/categories?post=1592"},{"taxonomy":"post_tag","embeddable":true,"href":"https:\/\/juleweimann.de\/index.php\/wp-json\/wp\/v2\/tags?post=1592"}],"curies":[{"name":"wp","href":"https:\/\/api.w.org\/{rel}","templated":true}]}}